{"id":262,"date":"2021-05-19T17:10:16","date_gmt":"2021-05-19T14:10:16","guid":{"rendered":"https:\/\/www.scoaladualasibiu.ro\/noutati\/?p=262"},"modified":"2021-05-19T21:55:18","modified_gmt":"2021-05-19T18:55:18","slug":"liceul-tehnologic-henri-coanda-sibiu","status":"publish","type":"post","link":"https:\/\/www.scoaladualasibiu.ro\/noutati\/povesti-de-succes\/2021\/05\/19\/liceul-tehnologic-henri-coanda-sibiu\/","title":{"rendered":"Liceul Tehnologic &#8222;Henri Coand\u0103&#8221; Sibiu"},"content":{"rendered":"\n<p><strong>A\u0219a am \u00eenceput noi \u2026.<\/strong><br><strong>2005<\/strong> \u2013 anul \u00een care se pun bazele Parteneriatului \u201d\u0218coal\u0103 \u2013 \u00centreprindere\u201d la standarde europene. Compa SA s-a reorganizat \u0219i retehnologizat, dar for\u021ba de munc\u0103 specializat\u0103 \u00eent\u00e2rzia s\u0103 apar\u0103, \u0219i nici perspective nu se \u00eentrevedeau. Profesori, ingineri, speciali\u0219ti din cadrul companiei Compa SA, am pornit pe drumul marilor schimb\u0103ri: cursuri de formare at\u00e2t \u00een cadrul Compa SA c\u00e2t \u0219i la firma  produc\u0103toare de ma\u0219ini unelte din Fran\u021ba. Formarea s-a f\u0103cut at\u00e2t din punct de vedere al specialit\u0103\u021bii, c\u00e2t \u0219i din punct de vedere al strategiilor didactice. Dup\u0103 un an de formare profesional\u0103, am \u00eenceput s\u0103 schimb\u0103m c\u00e2te ceva, la Liceul Tehnologic \u201dHenri Coand\u0103\u201d. Centrul de Formare Profesional\u0103 din cadrul Compa SA ne-a asigurat preg\u0103tirea practic\u0103 de laborator. Am adaptat \u0219i CDLul, astfel \u00eenc\u00e2t elevii de liceu, calificarea profesional\u0103 \u201dTehnician prelucr\u0103ri mecanice\u201d, au \u00eenv\u0103\u021bat s\u0103 utilizeze \u0219i s\u0103 programeze MUCN \u2013urile \u2013 calificare veche cu competen\u021be \u0219i abilit\u0103\u021bi noi. Acum se \u00eencheie \u0219i primele contracte de \u0219colarizare, elevii primesc burse \u0219i au loc de munc\u0103 asigurat. Se \u00eentrez\u0103rea un \u00eenv\u0103\u021b\u0103m\u00e2nt dual, pe care noi \u00eel numeam doar \u201dparteneriat\u201d.<\/p>\n\n\n\n<p><br>\u201dAm fost printre primii absolven\u021bi ai Liceului Tehnologic \u201dHenri Coand\u0103\u201d, care am beneficiat de burs\u0103 \u0219i loc de munc\u0103 dup\u0103 absolvire. Dar \u00eemi doream mai mult. Compa SA m-a sprijinit s\u0103 \u00eemi continui studiile \u0219i ast\u0103zi sunt inginer mecanic, lucr\u00e2nd ca \u0219ef de sec\u021bie \u00een companie,\u201d a declarat Radu.<\/p>\n\n\n\n<p><br>Nevoia acut\u0103 de speciali\u0219ti \u00een prelucr\u0103ri mecanice pe MUCN ne-a determinat, pe noi, ca \u0219coal\u0103 s\u0103 \u00eenfiin\u021b\u0103m clase cu specializ\u0103ri noi: \u201dTehnician mecatronist\u201d \u0219i \u201dOperator la MUCN\u201d. \u00cen 2007, avem primele clase de \u00eenceput \u00een aceste calific\u0103ri. La nivel na\u021bional, erau 3 licee care aveau aceste calific\u0103ri: Liceul Tehnologic \u201dHenri Coand\u0103\u201d Sibiu, un liceu din Sf\u00e2ntu Gheorghe \u0219i un liceu din Bra\u0219ov.<\/p>\n\n\n\n<p><br>Aceste noi calific\u0103ri, solicitate pe pia\u021ba for\u021bei de munc\u0103, au dus la dezvoltarea parteneriatului cu compania. Num\u0103rul de burse de \u0219colarizare cre\u0219te, tot mai mul\u021bi absolven\u021bi se angajeaz\u0103 \u00een<br>specialitate.<\/p>\n\n\n\n<p><br>Acest Parteneriat, \u00een care compania s-a implicat \u0219i a investit \u00een formarea profesional\u0103 a viitorilor angaja\u021bi, a antrenat \u0219i al\u021bi parteneri \u0219i a devenit \u00eenv\u0103\u021b\u0103m\u00e2nt dual.<\/p>\n\n\n\n<p><br>\u201dEram \u00een clasa a VIII a. Citisem \u00een ziare tot mai multe anun\u021buri ale agen\u021bilor economici afla\u021bi \u00een c\u0103utare de \u201dOperatori MUCN\u201d. M-ar fi interesat, dar, trebuia s\u0103 am r\u0103spunsul la multe \u00eentreb\u0103ri: ce \u00eenseamn\u0103 MUCN, ce face un operator MUCN, ce \u00eenseamn\u0103 \u00eenv\u0103\u021b\u0103m\u00e2nt dual, etc. Eu nu sunt din Sibiu \u0219i alte \u00eentreb\u0103ri m\u0103 fr\u0103m\u00e2ntau: unde stau, cu ce \u00eemi pl\u0103tesc \u00eentre\u021binerea. Am primit r\u0103spuns la toate \u00eentreb\u0103rile de la reprezentantul liceului, atunci c\u00e2nd au venit cu prezentarea ofertei<br>educa\u021bionale. La \u00eenceput a fost greu, dar acum, \u00een prag de absolvire, m\u0103 bucur c\u0103 am ales s\u0103 fiu elev la \u00eenv\u0103\u021b\u0103m\u00e2ntul dual, s\u0103 am o calificare solicitat\u0103 pe pia\u021ba muncii, dar, \u0219i mai important este c\u0103 voi<br>fi angajat la COMPA SA. M\u0103 g\u00e2ndesc s\u0103 \u00eemi continui studiile \u00een \u00eenv\u0103\u021b\u0103m\u00e2ntul seral, pentru o calificare de nivel 4\u201d, a povestit Alexandru, elev \u00een clasa a XI a.<\/p>\n\n\n\n<p><br>\u201d\u015ecoala Profesional\u0103 \u00een sistem dual reprezint\u0103, pentru elevi, o \u0219ans\u0103 de a se dezvolta pe toate planurile \u015fi de a dob\u00e2ndi o experien\u0163\u0103 vast\u0103 \u00een domeniul lor de preg\u0103tire. La \u00eenceput, am avut emo\u021bii c\u0103 nu voi face fa\u021b\u0103 \u2026. M\u0103 g\u00e2ndeam c\u0103 este o meserie pentru b\u0103ie\u021bi. Dar acum, privind \u00een urm\u0103 \u0219i v\u0103z\u00e2nd ce trebuie s\u0103 fac\u0103 un operator MUCN, recomand fetelor s\u0103 se orienteze spre aceast\u0103 meserie. Beneficiile vin \u00eens\u0103 la sf\u00e2r\u0219it, atunci c\u00e2nd primesc o ofert\u0103 de angajare \u015fi pot evolua \u00een carier\u0103\u201d, ne spune Nicoleta, elev\u0103 \u00een clasa a X a.<\/p>\n\n\n\n<p><br><strong>\u015ei povestea continu\u0103 \u2026\u2026<\/strong><\/p>\n\n\n\n<figure class=\"wp-block-image size-large\"><img loading=\"lazy\" decoding=\"async\" width=\"1024\" height=\"367\" src=\"https:\/\/www.scoaladualasibiu.ro\/wp\/wp-content\/uploads\/2021\/05\/image-5-1024x367.png\" alt=\"\" class=\"wp-image-265\" srcset=\"https:\/\/www.scoaladualasibiu.ro\/wp\/wp-content\/uploads\/2021\/05\/image-5-1024x367.png 1024w, https:\/\/www.scoaladualasibiu.ro\/wp\/wp-content\/uploads\/2021\/05\/image-5-300x107.png 300w, https:\/\/www.scoaladualasibiu.ro\/wp\/wp-content\/uploads\/2021\/05\/image-5-768x275.png 768w, https:\/\/www.scoaladualasibiu.ro\/wp\/wp-content\/uploads\/2021\/05\/image-5.png 1117w\" sizes=\"auto, (max-width: 1024px) 100vw, 1024px\" \/><\/figure>\n\n\n\n<figure class=\"wp-block-image size-large\"><img loading=\"lazy\" decoding=\"async\" width=\"1024\" height=\"361\" src=\"https:\/\/www.scoaladualasibiu.ro\/wp\/wp-content\/uploads\/2021\/05\/image-6-1024x361.png\" alt=\"\" class=\"wp-image-266\" srcset=\"https:\/\/www.scoaladualasibiu.ro\/wp\/wp-content\/uploads\/2021\/05\/image-6-1024x361.png 1024w, https:\/\/www.scoaladualasibiu.ro\/wp\/wp-content\/uploads\/2021\/05\/image-6-300x106.png 300w, https:\/\/www.scoaladualasibiu.ro\/wp\/wp-content\/uploads\/2021\/05\/image-6-768x271.png 768w, https:\/\/www.scoaladualasibiu.ro\/wp\/wp-content\/uploads\/2021\/05\/image-6.png 1108w\" sizes=\"auto, (max-width: 1024px) 100vw, 1024px\" \/><\/figure>\n\n\n\n<figure class=\"wp-block-image size-large\"><img loading=\"lazy\" decoding=\"async\" width=\"1024\" height=\"352\" src=\"https:\/\/www.scoaladualasibiu.ro\/wp\/wp-content\/uploads\/2021\/05\/image-7-1024x352.png\" alt=\"\" class=\"wp-image-267\" srcset=\"https:\/\/www.scoaladualasibiu.ro\/wp\/wp-content\/uploads\/2021\/05\/image-7-1024x352.png 1024w, https:\/\/www.scoaladualasibiu.ro\/wp\/wp-content\/uploads\/2021\/05\/image-7-300x103.png 300w, https:\/\/www.scoaladualasibiu.ro\/wp\/wp-content\/uploads\/2021\/05\/image-7-768x264.png 768w, https:\/\/www.scoaladualasibiu.ro\/wp\/wp-content\/uploads\/2021\/05\/image-7.png 1174w\" sizes=\"auto, (max-width: 1024px) 100vw, 1024px\" \/><\/figure>\n\n\n\n<figure class=\"wp-block-image size-large\"><img loading=\"lazy\" decoding=\"async\" width=\"1024\" height=\"357\" src=\"https:\/\/www.scoaladualasibiu.ro\/wp\/wp-content\/uploads\/2021\/05\/image-8-1024x357.png\" alt=\"\" class=\"wp-image-268\" srcset=\"https:\/\/www.scoaladualasibiu.ro\/wp\/wp-content\/uploads\/2021\/05\/image-8-1024x357.png 1024w, https:\/\/www.scoaladualasibiu.ro\/wp\/wp-content\/uploads\/2021\/05\/image-8-300x105.png 300w, https:\/\/www.scoaladualasibiu.ro\/wp\/wp-content\/uploads\/2021\/05\/image-8-768x268.png 768w, https:\/\/www.scoaladualasibiu.ro\/wp\/wp-content\/uploads\/2021\/05\/image-8.png 1138w\" sizes=\"auto, (max-width: 1024px) 100vw, 1024px\" \/><\/figure>\n","protected":false},"excerpt":{"rendered":"<p>A\u0219a am \u00eenceput noi \u2026.2005 \u2013 anul \u00een care se pun bazele Parteneriatului \u201d\u0218coal\u0103 \u2013 \u00centreprindere\u201d la standarde europene. Compa SA s-a reorganizat \u0219i retehnologizat, dar for\u021ba de munc\u0103 specializat\u0103 \u00eent\u00e2rzia s\u0103 apar\u0103, \u0219i nici perspective nu se \u00eentrevedeau. Profesori, ingineri, speciali\u0219ti din cadrul companiei Compa SA, am pornit pe drumul marilor schimb\u0103ri: cursuri de&hellip; <a class=\"more-link\" href=\"https:\/\/www.scoaladualasibiu.ro\/noutati\/povesti-de-succes\/2021\/05\/19\/liceul-tehnologic-henri-coanda-sibiu\/\">Continu\u0103 lectura <span class=\"screen-reader-text\">Liceul Tehnologic &#8222;Henri Coand\u0103&#8221; Sibiu<\/span><\/a><\/p>\n","protected":false},"author":2,"featured_media":268,"comment_status":"open","ping_status":"closed","sticky":false,"template":"","format":"standard","meta":{"_jetpack_memberships_contains_paid_content":false,"footnotes":""},"categories":[7],"tags":[],"class_list":["post-262","post","type-post","status-publish","format-standard","has-post-thumbnail","hentry","category-povesti-de-succes","entry"],"featured_image_urls":{"full":["https:\/\/www.scoaladualasibiu.ro\/wp\/wp-content\/uploads\/2021\/05\/image-8.png",1138,397,false],"thumbnail":["https:\/\/www.scoaladualasibiu.ro\/wp\/wp-content\/uploads\/2021\/05\/image-8-150x150.png",150,150,true],"medium":["https:\/\/www.scoaladualasibiu.ro\/wp\/wp-content\/uploads\/2021\/05\/image-8-300x105.png",300,105,true],"medium_large":["https:\/\/www.scoaladualasibiu.ro\/wp\/wp-content\/uploads\/2021\/05\/image-8-768x268.png",750,262,true],"large":["https:\/\/www.scoaladualasibiu.ro\/wp\/wp-content\/uploads\/2021\/05\/image-8-1024x357.png",750,261,true],"1536x1536":["https:\/\/www.scoaladualasibiu.ro\/wp\/wp-content\/uploads\/2021\/05\/image-8.png",1138,397,false],"2048x2048":["https:\/\/www.scoaladualasibiu.ro\/wp\/wp-content\/uploads\/2021\/05\/image-8.png",1138,397,false],"post-thumbnail":["https:\/\/www.scoaladualasibiu.ro\/wp\/wp-content\/uploads\/2021\/05\/image-8.png",1138,397,false]},"post_excerpt_stackable":"<p>A\u0219a am \u00eenceput noi \u2026.2005 \u2013 anul \u00een care se pun bazele Parteneriatului \u201d\u0218coal\u0103 \u2013 \u00centreprindere\u201d la standarde europene. Compa SA s-a reorganizat \u0219i retehnologizat, dar for\u021ba de munc\u0103 specializat\u0103 \u00eent\u00e2rzia s\u0103 apar\u0103, \u0219i nici perspective nu se \u00eentrevedeau. Profesori, ingineri, speciali\u0219ti din cadrul companiei Compa SA, am pornit pe drumul marilor schimb\u0103ri: cursuri de formare at\u00e2t \u00een cadrul Compa SA c\u00e2t \u0219i la firma produc\u0103toare de ma\u0219ini unelte din Fran\u021ba. Formarea s-a f\u0103cut at\u00e2t din punct de vedere al specialit\u0103\u021bii, c\u00e2t \u0219i din punct de vedere al strategiilor didactice. Dup\u0103 un an de formare profesional\u0103, am \u00eenceput s\u0103 schimb\u0103m&hellip;<\/p>\n","category_list":"<a href=\"https:\/\/www.scoaladualasibiu.ro\/noutati\/category\/povesti-de-succes\/\" rel=\"category tag\">Pove\u0219ti de Succes<\/a>","author_info":{"name":"Editor","url":"https:\/\/www.scoaladualasibiu.ro\/noutati\/author\/editor\/"},"comments_num":"0 comments","featured_image_urls_v2":{"full":["https:\/\/www.scoaladualasibiu.ro\/wp\/wp-content\/uploads\/2021\/05\/image-8.png",1138,397,false],"thumbnail":["https:\/\/www.scoaladualasibiu.ro\/wp\/wp-content\/uploads\/2021\/05\/image-8-150x150.png",150,150,true],"medium":["https:\/\/www.scoaladualasibiu.ro\/wp\/wp-content\/uploads\/2021\/05\/image-8-300x105.png",300,105,true],"medium_large":["https:\/\/www.scoaladualasibiu.ro\/wp\/wp-content\/uploads\/2021\/05\/image-8-768x268.png",750,262,true],"large":["https:\/\/www.scoaladualasibiu.ro\/wp\/wp-content\/uploads\/2021\/05\/image-8-1024x357.png",750,261,true],"1536x1536":["https:\/\/www.scoaladualasibiu.ro\/wp\/wp-content\/uploads\/2021\/05\/image-8.png",1138,397,false],"2048x2048":["https:\/\/www.scoaladualasibiu.ro\/wp\/wp-content\/uploads\/2021\/05\/image-8.png",1138,397,false],"post-thumbnail":["https:\/\/www.scoaladualasibiu.ro\/wp\/wp-content\/uploads\/2021\/05\/image-8.png",1138,397,false]},"post_excerpt_stackable_v2":"<p>A\u0219a am \u00eenceput noi \u2026.2005 \u2013 anul \u00een care se pun bazele Parteneriatului \u201d\u0218coal\u0103 \u2013 \u00centreprindere\u201d la standarde europene. Compa SA s-a reorganizat \u0219i retehnologizat, dar for\u021ba de munc\u0103 specializat\u0103 \u00eent\u00e2rzia s\u0103 apar\u0103, \u0219i nici perspective nu se \u00eentrevedeau. Profesori, ingineri, speciali\u0219ti din cadrul companiei Compa SA, am pornit pe drumul marilor schimb\u0103ri: cursuri de formare at\u00e2t \u00een cadrul Compa SA c\u00e2t \u0219i la firma produc\u0103toare de ma\u0219ini unelte din Fran\u021ba. Formarea s-a f\u0103cut at\u00e2t din punct de vedere al specialit\u0103\u021bii, c\u00e2t \u0219i din punct de vedere al strategiilor didactice. Dup\u0103 un an de formare profesional\u0103, am \u00eenceput s\u0103 schimb\u0103m&hellip;<\/p>\n","category_list_v2":"<a href=\"https:\/\/www.scoaladualasibiu.ro\/noutati\/category\/povesti-de-succes\/\" rel=\"category tag\">Pove\u0219ti de Succes<\/a>","author_info_v2":{"name":"Editor","url":"https:\/\/www.scoaladualasibiu.ro\/noutati\/author\/editor\/"},"comments_num_v2":"0 comments","jetpack_featured_media_url":"https:\/\/www.scoaladualasibiu.ro\/wp\/wp-content\/uploads\/2021\/05\/image-8.png","jetpack_sharing_enabled":true,"_links":{"self":[{"href":"https:\/\/www.scoaladualasibiu.ro\/noutati\/wp-json\/wp\/v2\/posts\/262","targetHints":{"allow":["GET"]}}],"collection":[{"href":"https:\/\/www.scoaladualasibiu.ro\/noutati\/wp-json\/wp\/v2\/posts"}],"about":[{"href":"https:\/\/www.scoaladualasibiu.ro\/noutati\/wp-json\/wp\/v2\/types\/post"}],"author":[{"embeddable":true,"href":"https:\/\/www.scoaladualasibiu.ro\/noutati\/wp-json\/wp\/v2\/users\/2"}],"replies":[{"embeddable":true,"href":"https:\/\/www.scoaladualasibiu.ro\/noutati\/wp-json\/wp\/v2\/comments?post=262"}],"version-history":[{"count":2,"href":"https:\/\/www.scoaladualasibiu.ro\/noutati\/wp-json\/wp\/v2\/posts\/262\/revisions"}],"predecessor-version":[{"id":269,"href":"https:\/\/www.scoaladualasibiu.ro\/noutati\/wp-json\/wp\/v2\/posts\/262\/revisions\/269"}],"wp:featuredmedia":[{"embeddable":true,"href":"https:\/\/www.scoaladualasibiu.ro\/noutati\/wp-json\/wp\/v2\/media\/268"}],"wp:attachment":[{"href":"https:\/\/www.scoaladualasibiu.ro\/noutati\/wp-json\/wp\/v2\/media?parent=262"}],"wp:term":[{"taxonomy":"category","embeddable":true,"href":"https:\/\/www.scoaladualasibiu.ro\/noutati\/wp-json\/wp\/v2\/categories?post=262"},{"taxonomy":"post_tag","embeddable":true,"href":"https:\/\/www.scoaladualasibiu.ro\/noutati\/wp-json\/wp\/v2\/tags?post=262"}],"curies":[{"name":"wp","href":"https:\/\/api.w.org\/{rel}","templated":true}]}}