{"id":292,"date":"2021-05-20T15:47:07","date_gmt":"2021-05-20T12:47:07","guid":{"rendered":"https:\/\/www.scoaladualasibiu.ro\/noutati\/?p=292"},"modified":"2021-05-20T15:47:31","modified_gmt":"2021-05-20T12:47:31","slug":"valentin-bosch-automotive-boschblajplant","status":"publish","type":"post","link":"https:\/\/www.scoaladualasibiu.ro\/noutati\/povesti-de-succes\/2021\/05\/20\/valentin-bosch-automotive-boschblajplant\/","title":{"rendered":"Valentin, Bosch Automotive #BoschBlajPlant"},"content":{"rendered":"\n<p>&#8222;\u00cen 2019 am absolvit \u015ecoala Dual\u0103 Bosch Blaj, iar acum sunt angajat al acestei compani. Perioada de practic\u0103 \u015fi munca al\u0103turi de un personal calificat m-au determinat foarte repede s\u0103 m\u0103 decid pentru angajare. Mai mult, am primit \u00eencurajare \u015fi suport \u00een a-mi continua studiile, ceea ce \u015fi fac \u00een prezent, av\u00e2nd un program de lucru flexibil. Am astfel \u015fansa s\u0103 m\u0103 dezvolt \u015fi \u00een timp s\u0103 avansez \u00een carier\u0103. \u00cen plus, fie c\u0103 e vorba de job sau de ceea ce \u00eenv\u0103\u0163 ca student, colegii de munc\u0103 \u00eemi sunt mereu al\u0103turi, \u00eemi explic\u0103 procesele \u00een cele mai mici detalii pentru a m\u0103 sus\u0163ine \u00een dezvoltare&#8221;.<\/p>\n\n\n\n<p>Valentin, Bosch Automotive #BoschBlajPlant<\/p>\n","protected":false},"excerpt":{"rendered":"<p>&#8222;\u00cen 2019 am absolvit \u015ecoala Dual\u0103 Bosch Blaj, iar acum sunt angajat al acestei compani. Perioada de practic\u0103 \u015fi munca al\u0103turi de un personal calificat m-au determinat foarte repede s\u0103 m\u0103 decid pentru angajare. Mai mult, am primit \u00eencurajare \u015fi suport \u00een a-mi continua studiile, ceea ce \u015fi fac \u00een prezent, av\u00e2nd un program de&hellip; <a class=\"more-link\" href=\"https:\/\/www.scoaladualasibiu.ro\/noutati\/povesti-de-succes\/2021\/05\/20\/valentin-bosch-automotive-boschblajplant\/\">Continu\u0103 lectura <span class=\"screen-reader-text\">Valentin, Bosch Automotive #BoschBlajPlant<\/span><\/a><\/p>\n","protected":false},"author":2,"featured_media":294,"comment_status":"open","ping_status":"closed","sticky":false,"template":"","format":"standard","meta":{"_jetpack_memberships_contains_paid_content":false,"footnotes":""},"categories":[7],"tags":[],"class_list":["post-292","post","type-post","status-publish","format-standard","has-post-thumbnail","hentry","category-povesti-de-succes","entry"],"featured_image_urls":{"full":["https:\/\/www.scoaladualasibiu.ro\/wp\/wp-content\/uploads\/2021\/05\/Testimonial-Bosch-e1621514798972.jpg",616,821,false],"thumbnail":["https:\/\/www.scoaladualasibiu.ro\/wp\/wp-content\/uploads\/2021\/05\/Testimonial-Bosch-150x150.jpg",150,150,true],"medium":["https:\/\/www.scoaladualasibiu.ro\/wp\/wp-content\/uploads\/2021\/05\/Testimonial-Bosch-225x300.jpg",225,300,true],"medium_large":["https:\/\/www.scoaladualasibiu.ro\/wp\/wp-content\/uploads\/2021\/05\/Testimonial-Bosch-768x1024.jpg",750,1000,true],"large":["https:\/\/www.scoaladualasibiu.ro\/wp\/wp-content\/uploads\/2021\/05\/Testimonial-Bosch-768x1024.jpg",750,1000,true],"1536x1536":["https:\/\/www.scoaladualasibiu.ro\/wp\/wp-content\/uploads\/2021\/05\/Testimonial-Bosch-1152x1536.jpg",1152,1536,true],"2048x2048":["https:\/\/www.scoaladualasibiu.ro\/wp\/wp-content\/uploads\/2021\/05\/Testimonial-Bosch-e1621514798972.jpg",616,821,false],"post-thumbnail":["https:\/\/www.scoaladualasibiu.ro\/wp\/wp-content\/uploads\/2021\/05\/Testimonial-Bosch-e1621514798972.jpg",616,821,false]},"post_excerpt_stackable":"<p>&#8222;\u00cen 2019 am absolvit \u015ecoala Dual\u0103 Bosch Blaj, iar acum sunt angajat al acestei compani. Perioada de practic\u0103 \u015fi munca al\u0103turi de un personal calificat m-au determinat foarte repede s\u0103 m\u0103 decid pentru angajare. Mai mult, am primit \u00eencurajare \u015fi suport \u00een a-mi continua studiile, ceea ce \u015fi fac \u00een prezent, av\u00e2nd un program de lucru flexibil. Am astfel \u015fansa s\u0103 m\u0103 dezvolt \u015fi \u00een timp s\u0103 avansez \u00een carier\u0103. \u00cen plus, fie c\u0103 e vorba de job sau de ceea ce \u00eenv\u0103\u0163 ca student, colegii de munc\u0103 \u00eemi sunt mereu al\u0103turi, \u00eemi explic\u0103 procesele \u00een cele mai mici detalii&hellip;<\/p>\n","category_list":"<a href=\"https:\/\/www.scoaladualasibiu.ro\/noutati\/category\/povesti-de-succes\/\" rel=\"category tag\">Pove\u0219ti de Succes<\/a>","author_info":{"name":"Editor","url":"https:\/\/www.scoaladualasibiu.ro\/noutati\/author\/editor\/"},"comments_num":"0 comments","featured_image_urls_v2":{"full":["https:\/\/www.scoaladualasibiu.ro\/wp\/wp-content\/uploads\/2021\/05\/Testimonial-Bosch-e1621514798972.jpg",616,821,false],"thumbnail":["https:\/\/www.scoaladualasibiu.ro\/wp\/wp-content\/uploads\/2021\/05\/Testimonial-Bosch-150x150.jpg",150,150,true],"medium":["https:\/\/www.scoaladualasibiu.ro\/wp\/wp-content\/uploads\/2021\/05\/Testimonial-Bosch-225x300.jpg",225,300,true],"medium_large":["https:\/\/www.scoaladualasibiu.ro\/wp\/wp-content\/uploads\/2021\/05\/Testimonial-Bosch-768x1024.jpg",750,1000,true],"large":["https:\/\/www.scoaladualasibiu.ro\/wp\/wp-content\/uploads\/2021\/05\/Testimonial-Bosch-768x1024.jpg",750,1000,true],"1536x1536":["https:\/\/www.scoaladualasibiu.ro\/wp\/wp-content\/uploads\/2021\/05\/Testimonial-Bosch-1152x1536.jpg",1152,1536,true],"2048x2048":["https:\/\/www.scoaladualasibiu.ro\/wp\/wp-content\/uploads\/2021\/05\/Testimonial-Bosch-e1621514798972.jpg",616,821,false],"post-thumbnail":["https:\/\/www.scoaladualasibiu.ro\/wp\/wp-content\/uploads\/2021\/05\/Testimonial-Bosch-e1621514798972.jpg",616,821,false]},"post_excerpt_stackable_v2":"<p>&#8222;\u00cen 2019 am absolvit \u015ecoala Dual\u0103 Bosch Blaj, iar acum sunt angajat al acestei compani. Perioada de practic\u0103 \u015fi munca al\u0103turi de un personal calificat m-au determinat foarte repede s\u0103 m\u0103 decid pentru angajare. Mai mult, am primit \u00eencurajare \u015fi suport \u00een a-mi continua studiile, ceea ce \u015fi fac \u00een prezent, av\u00e2nd un program de lucru flexibil. Am astfel \u015fansa s\u0103 m\u0103 dezvolt \u015fi \u00een timp s\u0103 avansez \u00een carier\u0103. \u00cen plus, fie c\u0103 e vorba de job sau de ceea ce \u00eenv\u0103\u0163 ca student, colegii de munc\u0103 \u00eemi sunt mereu al\u0103turi, \u00eemi explic\u0103 procesele \u00een cele mai mici detalii&hellip;<\/p>\n","category_list_v2":"<a href=\"https:\/\/www.scoaladualasibiu.ro\/noutati\/category\/povesti-de-succes\/\" rel=\"category tag\">Pove\u0219ti de Succes<\/a>","author_info_v2":{"name":"Editor","url":"https:\/\/www.scoaladualasibiu.ro\/noutati\/author\/editor\/"},"comments_num_v2":"0 comments","jetpack_featured_media_url":"https:\/\/www.scoaladualasibiu.ro\/wp\/wp-content\/uploads\/2021\/05\/Testimonial-Bosch-e1621514798972.jpg","jetpack_sharing_enabled":true,"_links":{"self":[{"href":"https:\/\/www.scoaladualasibiu.ro\/noutati\/wp-json\/wp\/v2\/posts\/292","targetHints":{"allow":["GET"]}}],"collection":[{"href":"https:\/\/www.scoaladualasibiu.ro\/noutati\/wp-json\/wp\/v2\/posts"}],"about":[{"href":"https:\/\/www.scoaladualasibiu.ro\/noutati\/wp-json\/wp\/v2\/types\/post"}],"author":[{"embeddable":true,"href":"https:\/\/www.scoaladualasibiu.ro\/noutati\/wp-json\/wp\/v2\/users\/2"}],"replies":[{"embeddable":true,"href":"https:\/\/www.scoaladualasibiu.ro\/noutati\/wp-json\/wp\/v2\/comments?post=292"}],"version-history":[{"count":1,"href":"https:\/\/www.scoaladualasibiu.ro\/noutati\/wp-json\/wp\/v2\/posts\/292\/revisions"}],"predecessor-version":[{"id":295,"href":"https:\/\/www.scoaladualasibiu.ro\/noutati\/wp-json\/wp\/v2\/posts\/292\/revisions\/295"}],"wp:featuredmedia":[{"embeddable":true,"href":"https:\/\/www.scoaladualasibiu.ro\/noutati\/wp-json\/wp\/v2\/media\/294"}],"wp:attachment":[{"href":"https:\/\/www.scoaladualasibiu.ro\/noutati\/wp-json\/wp\/v2\/media?parent=292"}],"wp:term":[{"taxonomy":"category","embeddable":true,"href":"https:\/\/www.scoaladualasibiu.ro\/noutati\/wp-json\/wp\/v2\/categories?post=292"},{"taxonomy":"post_tag","embeddable":true,"href":"https:\/\/www.scoaladualasibiu.ro\/noutati\/wp-json\/wp\/v2\/tags?post=292"}],"curies":[{"name":"wp","href":"https:\/\/api.w.org\/{rel}","templated":true}]}}